{"id":7667,"date":"2024-05-22T15:41:41","date_gmt":"2024-05-22T14:41:41","guid":{"rendered":"https:\/\/www.hirubide.eus\/?p=7667"},"modified":"2024-05-22T15:42:39","modified_gmt":"2024-05-22T14:42:39","slug":"eskola-agenda-2030-udal-foroa","status":"publish","type":"post","link":"https:\/\/www.hirubide.eus\/es\/eskola-agenda-2030-udal-foroa\/","title":{"rendered":"Foro Municipal Agenda Escolar 2030"},"content":{"rendered":"\n<p>El pasado jueves, 16 de mayo, representantes de todos los centros escolares de Irun que participan en el programa Agenda 2030 Escolar se reunieron en el Ayuntamiento con los y las representantes de Desarrollo Sostenible y concejales de los diferentes partidos pol\u00edticos.<\/p>\n\n\n\n<p>En esa reuni\u00f3n les dieron a conocer a los y las responsables del Ayuntamiento todo el trabajo realizado durante este curso y especialmente en relaci\u00f3n al tema de la Energ\u00eda,<\/p>\n\n\n\n<p>Cada centro present\u00f3 todos los trabajos realizados en estos dos \u00faltimos a\u00f1os. \u00a1De veras que se han hecho trabajos hermosos! En nuestro centro, entre otras cosas: el peque\u00f1o mercado navide\u00f1o, el an\u00e1lisis del gasto del agua, la reflexi\u00f3n para culminar el cambio del alumbrado, la nueva organizaci\u00f3n para un reciclaje m\u00e1s eficiente&#8230;<\/p>\n\n\n\n<p>Junto a esto, trasladamos al ayuntamiento nuestras propuestas para hacer m\u00e1s eficiente el uso de la energ\u00eda en nuestra ciudad.<\/p>\n\n\n\n<p>   <\/p>\n\n\n\n<figure class=\"wp-block-gallery has-nested-images columns-default is-cropped wp-block-gallery-1 is-layout-flex wp-block-gallery-is-layout-flex\">\n<figure class=\"wp-block-image size-large\"><img loading=\"lazy\" decoding=\"async\" width=\"787\" height=\"590\" data-id=\"7668\" src=\"https:\/\/www.hirubide.eus\/wp-content\/uploads\/2024\/05\/20240516_100017.jpg\" alt=\"\" class=\"wp-image-7668\"\/><\/figure>\n\n\n\n<figure class=\"wp-block-image size-large\"><img loading=\"lazy\" decoding=\"async\" width=\"787\" height=\"590\" data-id=\"7669\" src=\"https:\/\/www.hirubide.eus\/wp-content\/uploads\/2024\/05\/20240516_095518.jpg\" alt=\"\" class=\"wp-image-7669\"\/><\/figure>\n<\/figure>\n\n\n\n<p>   <\/p>\n\n\n\n<figure class=\"wp-block-gallery has-nested-images columns-default is-cropped wp-block-gallery-2 is-layout-flex wp-block-gallery-is-layout-flex\">\n<figure class=\"wp-block-image size-large\"><img loading=\"lazy\" decoding=\"async\" width=\"413\" height=\"590\" data-id=\"7670\" src=\"https:\/\/www.hirubide.eus\/wp-content\/uploads\/2024\/05\/20240516_1037542.jpg\" alt=\"\" class=\"wp-image-7670\"\/><\/figure>\n\n\n\n<figure class=\"wp-block-image size-large\"><img loading=\"lazy\" decoding=\"async\" width=\"464\" height=\"590\" data-id=\"7671\" src=\"https:\/\/www.hirubide.eus\/wp-content\/uploads\/2024\/05\/20240516_0938512.jpg\" alt=\"\" class=\"wp-image-7671\"\/><\/figure>\n<\/figure>\n","protected":false},"excerpt":{"rendered":"<p>El pasado jueves, 16 de mayo, representantes de todos los centros escolares de Irun que participan en el programa Agenda 2030 Escolar se reunieron en \u2026<\/p>\n","protected":false},"author":12,"featured_media":7671,"comment_status":"closed","ping_status":"closed","sticky":false,"template":"","format":"standard","meta":{"episode_type":"","audio_file":"","podmotor_file_id":"","podmotor_episode_id":"","cover_image":"","cover_image_id":"","duration":"","filesize":"","filesize_raw":"","date_recorded":"","explicit":"","block":"","itunes_episode_number":"","itunes_title":"","itunes_season_number":"","itunes_episode_type":"","footnotes":""},"categories":[1,53],"tags":[],"class_list":["post-7667","post","type-post","status-publish","format-standard","has-post-thumbnail","hentry","category-hirubide","category-agenda-2030"],"translation":{"provider":"WPGlobus","version":"3.0.2","language":"es","enabled_languages":["eu","es"],"languages":{"eu":{"title":true,"content":true,"excerpt":false},"es":{"title":true,"content":true,"excerpt":false}}},"_links":{"self":[{"href":"https:\/\/www.hirubide.eus\/es\/wp-json\/wp\/v2\/posts\/7667","targetHints":{"allow":["GET"]}}],"collection":[{"href":"https:\/\/www.hirubide.eus\/es\/wp-json\/wp\/v2\/posts"}],"about":[{"href":"https:\/\/www.hirubide.eus\/es\/wp-json\/wp\/v2\/types\/post"}],"author":[{"embeddable":true,"href":"https:\/\/www.hirubide.eus\/es\/wp-json\/wp\/v2\/users\/12"}],"replies":[{"embeddable":true,"href":"https:\/\/www.hirubide.eus\/es\/wp-json\/wp\/v2\/comments?post=7667"}],"version-history":[{"count":2,"href":"https:\/\/www.hirubide.eus\/es\/wp-json\/wp\/v2\/posts\/7667\/revisions"}],"predecessor-version":[{"id":7673,"href":"https:\/\/www.hirubide.eus\/es\/wp-json\/wp\/v2\/posts\/7667\/revisions\/7673"}],"wp:featuredmedia":[{"embeddable":true,"href":"https:\/\/www.hirubide.eus\/es\/wp-json\/wp\/v2\/media\/7671"}],"wp:attachment":[{"href":"https:\/\/www.hirubide.eus\/es\/wp-json\/wp\/v2\/media?parent=7667"}],"wp:term":[{"taxonomy":"category","embeddable":true,"href":"https:\/\/www.hirubide.eus\/es\/wp-json\/wp\/v2\/categories?post=7667"},{"taxonomy":"post_tag","embeddable":true,"href":"https:\/\/www.hirubide.eus\/es\/wp-json\/wp\/v2\/tags?post=7667"}],"curies":[{"name":"wp","href":"https:\/\/api.w.org\/{rel}","templated":true}]}}