{"id":7484,"date":"2024-04-08T12:09:08","date_gmt":"2024-04-08T11:09:08","guid":{"rendered":"https:\/\/www.hirubide.eus\/?p=7484"},"modified":"2024-04-09T09:17:31","modified_gmt":"2024-04-09T08:17:31","slug":"ijitu-herriaren-nazioarteko-eguna","status":"publish","type":"post","link":"https:\/\/www.hirubide.eus\/es\/ijitu-herriaren-nazioarteko-eguna\/","title":{"rendered":"D\u00eda internacional del pueblo gitano"},"content":{"rendered":"\n<p>Hoy, 8 de abril, se celebra el d\u00eda internacional del pueblo gitano, y con la ayuda de la asociaci\u00f3n Kaledor Kayiko, los\/as gitanos\/as de Hirubide han preparado y colocado una pancarta en la entrada del colegio para celebrar el d\u00eda junto a sus compa\u00f1eros\/as. Adem\u00e1s, han explicado a todo el alumnado de Hirubide, clase por clase, cu\u00e1les son las caracter\u00edsticas de su pueblo.<\/p>\n\n\n\n<p>   <\/p>\n\n\n\n<figure class=\"wp-block-gallery has-nested-images columns-default is-cropped wp-block-gallery-1 is-layout-flex wp-block-gallery-is-layout-flex\">\n<figure class=\"wp-block-image size-large\"><img loading=\"lazy\" decoding=\"async\" width=\"1024\" height=\"768\" data-id=\"7485\" src=\"https:\/\/www.hirubide.eus\/wp-content\/uploads\/2024\/04\/PHOTO-2024-04-08-12-53-04-1024x768.jpg\" alt=\"\" class=\"wp-image-7485\" srcset=\"https:\/\/www.hirubide.eus\/wp-content\/uploads\/2024\/04\/PHOTO-2024-04-08-12-53-04-1024x768.jpg 1024w, https:\/\/www.hirubide.eus\/wp-content\/uploads\/2024\/04\/PHOTO-2024-04-08-12-53-04-300x225.jpg 300w, https:\/\/www.hirubide.eus\/wp-content\/uploads\/2024\/04\/PHOTO-2024-04-08-12-53-04-768x576.jpg 768w, https:\/\/www.hirubide.eus\/wp-content\/uploads\/2024\/04\/PHOTO-2024-04-08-12-53-04-1536x1152.jpg 1536w, https:\/\/www.hirubide.eus\/wp-content\/uploads\/2024\/04\/PHOTO-2024-04-08-12-53-04-400x300.jpg 400w, https:\/\/www.hirubide.eus\/wp-content\/uploads\/2024\/04\/PHOTO-2024-04-08-12-53-04-1320x990.jpg 1320w, https:\/\/www.hirubide.eus\/wp-content\/uploads\/2024\/04\/PHOTO-2024-04-08-12-53-04.jpg 1600w\" sizes=\"auto, (max-width: 1024px) 100vw, 1024px\" \/><\/figure>\n\n\n\n<figure class=\"wp-block-image size-large\"><img loading=\"lazy\" decoding=\"async\" width=\"1024\" height=\"577\" data-id=\"7486\" src=\"https:\/\/www.hirubide.eus\/wp-content\/uploads\/2024\/04\/PHOTO-2024-04-08-12-52-42-1024x577.jpg\" alt=\"\" class=\"wp-image-7486\" srcset=\"https:\/\/www.hirubide.eus\/wp-content\/uploads\/2024\/04\/PHOTO-2024-04-08-12-52-42-1024x577.jpg 1024w, https:\/\/www.hirubide.eus\/wp-content\/uploads\/2024\/04\/PHOTO-2024-04-08-12-52-42-300x169.jpg 300w, https:\/\/www.hirubide.eus\/wp-content\/uploads\/2024\/04\/PHOTO-2024-04-08-12-52-42-768x432.jpg 768w, https:\/\/www.hirubide.eus\/wp-content\/uploads\/2024\/04\/PHOTO-2024-04-08-12-52-42-1536x865.jpg 1536w, https:\/\/www.hirubide.eus\/wp-content\/uploads\/2024\/04\/PHOTO-2024-04-08-12-52-42-503x283.jpg 503w, https:\/\/www.hirubide.eus\/wp-content\/uploads\/2024\/04\/PHOTO-2024-04-08-12-52-42-1320x743.jpg 1320w, https:\/\/www.hirubide.eus\/wp-content\/uploads\/2024\/04\/PHOTO-2024-04-08-12-52-42.jpg 1600w\" sizes=\"auto, (max-width: 1024px) 100vw, 1024px\" \/><\/figure>\n<\/figure>\n","protected":false},"excerpt":{"rendered":"<p>Hoy, 8 de abril, se celebra el d\u00eda internacional del pueblo gitano, y con la ayuda de la asociaci\u00f3n Kaledor Kayiko, los\/as gitanos\/as de Hirubide \u2026<\/p>\n","protected":false},"author":12,"featured_media":7486,"comment_status":"closed","ping_status":"closed","sticky":false,"template":"","format":"standard","meta":{"episode_type":"","audio_file":"","podmotor_file_id":"","podmotor_episode_id":"","cover_image":"","cover_image_id":"","duration":"","filesize":"","filesize_raw":"","date_recorded":"","explicit":"","block":"","itunes_episode_number":"","itunes_title":"","itunes_season_number":"","itunes_episode_type":"","footnotes":""},"categories":[1,74,72],"tags":[],"class_list":["post-7484","post","type-post","status-publish","format-standard","has-post-thumbnail","hentry","category-hirubide","category-hezkidetza","category-komunitatea"],"translation":{"provider":"WPGlobus","version":"3.0.2","language":"es","enabled_languages":["eu","es"],"languages":{"eu":{"title":true,"content":true,"excerpt":false},"es":{"title":true,"content":true,"excerpt":false}}},"_links":{"self":[{"href":"https:\/\/www.hirubide.eus\/es\/wp-json\/wp\/v2\/posts\/7484","targetHints":{"allow":["GET"]}}],"collection":[{"href":"https:\/\/www.hirubide.eus\/es\/wp-json\/wp\/v2\/posts"}],"about":[{"href":"https:\/\/www.hirubide.eus\/es\/wp-json\/wp\/v2\/types\/post"}],"author":[{"embeddable":true,"href":"https:\/\/www.hirubide.eus\/es\/wp-json\/wp\/v2\/users\/12"}],"replies":[{"embeddable":true,"href":"https:\/\/www.hirubide.eus\/es\/wp-json\/wp\/v2\/comments?post=7484"}],"version-history":[{"count":3,"href":"https:\/\/www.hirubide.eus\/es\/wp-json\/wp\/v2\/posts\/7484\/revisions"}],"predecessor-version":[{"id":7495,"href":"https:\/\/www.hirubide.eus\/es\/wp-json\/wp\/v2\/posts\/7484\/revisions\/7495"}],"wp:featuredmedia":[{"embeddable":true,"href":"https:\/\/www.hirubide.eus\/es\/wp-json\/wp\/v2\/media\/7486"}],"wp:attachment":[{"href":"https:\/\/www.hirubide.eus\/es\/wp-json\/wp\/v2\/media?parent=7484"}],"wp:term":[{"taxonomy":"category","embeddable":true,"href":"https:\/\/www.hirubide.eus\/es\/wp-json\/wp\/v2\/categories?post=7484"},{"taxonomy":"post_tag","embeddable":true,"href":"https:\/\/www.hirubide.eus\/es\/wp-json\/wp\/v2\/tags?post=7484"}],"curies":[{"name":"wp","href":"https:\/\/api.w.org\/{rel}","templated":true}]}}