{"id":7181,"date":"2024-02-21T10:08:47","date_gmt":"2024-02-21T09:08:47","guid":{"rendered":"https:\/\/www.hirubide.eus\/?p=7181"},"modified":"2024-02-23T09:38:37","modified_gmt":"2024-02-23T08:38:37","slug":"larreandiko-korrika-eguna","status":"publish","type":"post","link":"https:\/\/www.hirubide.eus\/es\/larreandiko-korrika-eguna\/","title":{"rendered":"D\u00eda de la Korrika en Larreandi"},"content":{"rendered":"\n<p>El s\u00e1bado, 24 de febrero, se celebrar\u00e1 el d\u00eda de la Korrika en Larreandi. Queremos invitar a participar a alumnado, profesorado, familias y a toda la comunidad educativa.<\/p>\n\n\n\n<p>En el marco del d\u00eda se realizar\u00e1 un taller de circo y danza en el CEIP Eguzkitza y ya est\u00e1 abierta la inscripci\u00f3n para participar en estos talleres. \u00a1Animaos!<\/p>\n\n\n\n<p>OBSERVACI\u00d3N: debido a la previsi\u00f3n meteorol\u00f3gica, el programa de la Korrika se llevar\u00e1 a cabo en el patio de Eguzkitza.<\/p>\n\n\n\n<p><\/p>\n\n\n\n<p>  <\/p>\n\n\n<div class=\"wp-block-image\">\n<figure class=\"aligncenter size-large is-resized\"><img loading=\"lazy\" decoding=\"async\" width=\"724\" height=\"1024\" src=\"https:\/\/www.hirubide.eus\/wp-content\/uploads\/2024\/02\/LARREANDIKO-KORRIKA-EGUNA-724x1024.png\" alt=\"\" class=\"wp-image-7183\" style=\"width:438px;height:auto\" srcset=\"https:\/\/www.hirubide.eus\/wp-content\/uploads\/2024\/02\/LARREANDIKO-KORRIKA-EGUNA-724x1024.png 724w, https:\/\/www.hirubide.eus\/wp-content\/uploads\/2024\/02\/LARREANDIKO-KORRIKA-EGUNA-212x300.png 212w, https:\/\/www.hirubide.eus\/wp-content\/uploads\/2024\/02\/LARREANDIKO-KORRIKA-EGUNA-768x1086.png 768w, https:\/\/www.hirubide.eus\/wp-content\/uploads\/2024\/02\/LARREANDIKO-KORRIKA-EGUNA-1086x1536.png 1086w, https:\/\/www.hirubide.eus\/wp-content\/uploads\/2024\/02\/LARREANDIKO-KORRIKA-EGUNA-1448x2048.png 1448w, https:\/\/www.hirubide.eus\/wp-content\/uploads\/2024\/02\/LARREANDIKO-KORRIKA-EGUNA-1320x1867.png 1320w\" sizes=\"auto, (max-width: 724px) 100vw, 724px\" \/><\/figure>\n<\/div>\n\n\n<p>   <\/p>\n\n\n<div class=\"wp-block-image\">\n<figure class=\"aligncenter size-large is-resized\"><img loading=\"lazy\" decoding=\"async\" width=\"1024\" height=\"1024\" src=\"https:\/\/www.hirubide.eus\/wp-content\/uploads\/2024\/02\/Dantza-eta-zirku-tailerra-1024x1024.jpg\" alt=\"\" class=\"wp-image-7182\" style=\"width:544px;height:auto\" srcset=\"https:\/\/www.hirubide.eus\/wp-content\/uploads\/2024\/02\/Dantza-eta-zirku-tailerra-1024x1024.jpg 1024w, https:\/\/www.hirubide.eus\/wp-content\/uploads\/2024\/02\/Dantza-eta-zirku-tailerra-300x300.jpg 300w, https:\/\/www.hirubide.eus\/wp-content\/uploads\/2024\/02\/Dantza-eta-zirku-tailerra-150x150.jpg 150w, https:\/\/www.hirubide.eus\/wp-content\/uploads\/2024\/02\/Dantza-eta-zirku-tailerra-768x768.jpg 768w, https:\/\/www.hirubide.eus\/wp-content\/uploads\/2024\/02\/Dantza-eta-zirku-tailerra.jpg 1080w\" sizes=\"auto, (max-width: 1024px) 100vw, 1024px\" \/><\/figure>\n<\/div>","protected":false},"excerpt":{"rendered":"<p>El s\u00e1bado, 24 de febrero, se celebrar\u00e1 el d\u00eda de la Korrika en Larreandi. Queremos invitar a participar a alumnado, profesorado, familias y a toda \u2026<\/p>\n","protected":false},"author":12,"featured_media":7182,"comment_status":"closed","ping_status":"closed","sticky":false,"template":"","format":"standard","meta":{"episode_type":"","audio_file":"","podmotor_file_id":"","podmotor_episode_id":"","cover_image":"","cover_image_id":"","duration":"","filesize":"","filesize_raw":"","date_recorded":"","explicit":"","block":"","itunes_episode_number":"","itunes_title":"","itunes_season_number":"","itunes_episode_type":"","footnotes":""},"categories":[1,72,50],"tags":[],"class_list":["post-7181","post","type-post","status-publish","format-standard","has-post-thumbnail","hentry","category-hirubide","category-komunitatea","category-normalkuntza"],"translation":{"provider":"WPGlobus","version":"3.0.2","language":"es","enabled_languages":["eu","es"],"languages":{"eu":{"title":true,"content":true,"excerpt":false},"es":{"title":true,"content":true,"excerpt":false}}},"_links":{"self":[{"href":"https:\/\/www.hirubide.eus\/es\/wp-json\/wp\/v2\/posts\/7181","targetHints":{"allow":["GET"]}}],"collection":[{"href":"https:\/\/www.hirubide.eus\/es\/wp-json\/wp\/v2\/posts"}],"about":[{"href":"https:\/\/www.hirubide.eus\/es\/wp-json\/wp\/v2\/types\/post"}],"author":[{"embeddable":true,"href":"https:\/\/www.hirubide.eus\/es\/wp-json\/wp\/v2\/users\/12"}],"replies":[{"embeddable":true,"href":"https:\/\/www.hirubide.eus\/es\/wp-json\/wp\/v2\/comments?post=7181"}],"version-history":[{"count":4,"href":"https:\/\/www.hirubide.eus\/es\/wp-json\/wp\/v2\/posts\/7181\/revisions"}],"predecessor-version":[{"id":7195,"href":"https:\/\/www.hirubide.eus\/es\/wp-json\/wp\/v2\/posts\/7181\/revisions\/7195"}],"wp:featuredmedia":[{"embeddable":true,"href":"https:\/\/www.hirubide.eus\/es\/wp-json\/wp\/v2\/media\/7182"}],"wp:attachment":[{"href":"https:\/\/www.hirubide.eus\/es\/wp-json\/wp\/v2\/media?parent=7181"}],"wp:term":[{"taxonomy":"category","embeddable":true,"href":"https:\/\/www.hirubide.eus\/es\/wp-json\/wp\/v2\/categories?post=7181"},{"taxonomy":"post_tag","embeddable":true,"href":"https:\/\/www.hirubide.eus\/es\/wp-json\/wp\/v2\/tags?post=7181"}],"curies":[{"name":"wp","href":"https:\/\/api.w.org\/{rel}","templated":true}]}}