{"id":12108,"date":"2026-09-06T09:24:09","date_gmt":"2026-09-06T08:24:09","guid":{"rendered":"https:\/\/www.hirubide.eus\/?p=12108"},"modified":"2026-09-06T09:28:10","modified_gmt":"2026-09-06T08:28:10","slug":"irun-1936-2026","status":"publish","type":"post","link":"https:\/\/www.hirubide.eus\/es\/irun-1936-2026\/","title":{"rendered":"Irun 1936-2026"},"content":{"rendered":"\n<p class=\"wp-block-paragraph\">El Ayuntamiento de Irun ha declarado el 5 de septiembre como&nbsp;<strong>D\u00eda de la Memoria Democr\u00e1tica Local<\/strong>, una iniciativa que cuenta con el respaldo de todos los grupos municipales y que tiene como objetivo recordar y homenajear a las irunesas y los iruneses que sufrieron el golpe militar, la guerra y la dictadura.<\/p>\n\n\n\n<p class=\"wp-block-paragraph\">La elecci\u00f3n de esta fecha coincide con el 90 aniversario de la toma de Irun por el ej\u00e9rcito sublevado. El 5 de septiembre de 1936, despu\u00e9s de 45 d\u00edas de resistencia ante los distintos ataques sufridos por la ciudad, Irun fue tomada por la fuerza. Los combates provocaron bajas civiles y militares y una importante destrucci\u00f3n de la ciudad, adem\u00e1s de un importante \u00e9xodo de la poblaci\u00f3n hacia la otra orilla del Bidasoa y hacia el interior del territorio.<\/p>\n\n\n\n<p class=\"wp-block-paragraph\">Por otra parte, el Ayuntamiento ha organizado una serie de actos y un ciclo de conferencias para dar a conocer uno de los cap\u00edtulos m\u00e1s tr\u00e1gicos de nuestra historia:<\/p>\n\n\n\n<p class=\"wp-block-paragraph\"><a href=\"https:\/\/www.irun.org\/eu\/agenda\/ekintzak\/21363-irun-1936-2026-eu\" data-type=\"link\" data-id=\"https:\/\/www.irun.org\/eu\/agenda\/ekintzak\/21363-irun-1936-2026-eu\">Irun 1936-2026<\/a><\/p>\n\n\n\n<p class=\"wp-block-paragraph\"><a href=\"https:\/\/www.irun.org\/es\/noticias\/actualidad-municipal\/21494-irun-arranca-esta-semana-con-los-actos-de-recuerdo-de-la-ocupacion-de-1936\" data-type=\"link\" data-id=\"https:\/\/www.irun.org\/es\/noticias\/actualidad-municipal\/21494-irun-arranca-esta-semana-con-los-actos-de-recuerdo-de-la-ocupacion-de-1936\">Irun arranca esta semana con los actos de recuerdo de la ocupaci\u00f3n de 1936<\/a><\/p>\n\n\n\n<p class=\"wp-block-paragraph\"><\/p>\n","protected":false},"excerpt":{"rendered":"<p>El Ayuntamiento de Irun ha declarado el 5 de septiembre como&nbsp;D\u00eda de la Memoria Democr\u00e1tica Local, una iniciativa que cuenta con el respaldo de todos \u2026<\/p>\n","protected":false},"author":12,"featured_media":12109,"comment_status":"closed","ping_status":"closed","sticky":false,"template":"","format":"standard","meta":{"episode_type":"","audio_file":"","podmotor_file_id":"","podmotor_episode_id":"","cover_image":"","cover_image_id":"","duration":"","filesize":"","filesize_raw":"","date_recorded":"","explicit":"","block":"","itunes_episode_number":"","itunes_title":"","itunes_season_number":"","itunes_episode_type":"","footnotes":""},"categories":[1,79],"tags":[],"class_list":["post-12108","post","type-post","status-publish","format-standard","has-post-thumbnail","hentry","category-hirubide","category-elkarbizitza"],"translation":{"provider":"WPGlobus","version":"3.0.5","language":"es","enabled_languages":["eu","es"],"languages":{"eu":{"title":true,"content":true,"excerpt":false},"es":{"title":true,"content":true,"excerpt":false}}},"_links":{"self":[{"href":"https:\/\/www.hirubide.eus\/es\/wp-json\/wp\/v2\/posts\/12108","targetHints":{"allow":["GET"]}}],"collection":[{"href":"https:\/\/www.hirubide.eus\/es\/wp-json\/wp\/v2\/posts"}],"about":[{"href":"https:\/\/www.hirubide.eus\/es\/wp-json\/wp\/v2\/types\/post"}],"author":[{"embeddable":true,"href":"https:\/\/www.hirubide.eus\/es\/wp-json\/wp\/v2\/users\/12"}],"replies":[{"embeddable":true,"href":"https:\/\/www.hirubide.eus\/es\/wp-json\/wp\/v2\/comments?post=12108"}],"version-history":[{"count":2,"href":"https:\/\/www.hirubide.eus\/es\/wp-json\/wp\/v2\/posts\/12108\/revisions"}],"predecessor-version":[{"id":12112,"href":"https:\/\/www.hirubide.eus\/es\/wp-json\/wp\/v2\/posts\/12108\/revisions\/12112"}],"wp:featuredmedia":[{"embeddable":true,"href":"https:\/\/www.hirubide.eus\/es\/wp-json\/wp\/v2\/media\/12109"}],"wp:attachment":[{"href":"https:\/\/www.hirubide.eus\/es\/wp-json\/wp\/v2\/media?parent=12108"}],"wp:term":[{"taxonomy":"category","embeddable":true,"href":"https:\/\/www.hirubide.eus\/es\/wp-json\/wp\/v2\/categories?post=12108"},{"taxonomy":"post_tag","embeddable":true,"href":"https:\/\/www.hirubide.eus\/es\/wp-json\/wp\/v2\/tags?post=12108"}],"curies":[{"name":"wp","href":"https:\/\/api.w.org\/{rel}","templated":true}]}}